{"id":724,"date":"2025-11-12T12:35:56","date_gmt":"2025-11-12T12:35:56","guid":{"rendered":"https:\/\/scs.webikoo.pro\/?p=280"},"modified":"2025-11-12T16:17:46","modified_gmt":"2025-11-12T16:17:46","slug":"mctn-au-fii-senegal-2025-le-new-deal-technologique-a-lhonneur","status":"publish","type":"post","link":"https:\/\/portail.staging.ssc.baamtuservices.com\/en\/mctn-au-fii-senegal-2025-le-new-deal-technologique-a-lhonneur\/","title":{"rendered":"MCTN au FII S\u00e9n\u00e9gal 2025 : le New Deal Technologique \u00e0 l\u2019honneur"},"content":{"rendered":"<div data-elementor-type=\"wp-post\" data-elementor-id=\"724\" class=\"elementor elementor-724\">\n\t\t\t\t<div class=\"elementor-element elementor-element-73a35e33 e-flex e-con-boxed e-con e-parent\" data-id=\"73a35e33\" data-element_type=\"container\">\n\t\t\t\t\t<div class=\"e-con-inner\">\n\t\t\t\t<div class=\"elementor-element elementor-element-4db9773a elementor-widget elementor-widget-text-editor\" data-id=\"4db9773a\" data-element_type=\"widget\" data-widget_type=\"text-editor.default\">\n\t\t\t\t\t\t\t\t\t\n<p>Le Minist\u00e8re de la Communication, des T\u00e9l\u00e9communications et du Num\u00e9rique (MCTN) a donn\u00e9 le ton lors du Forum de l\u2019Investissement au S\u00e9n\u00e9gal (FII 2025), en ouvrant la premi\u00e8re journ\u00e9e plac\u00e9e sous le signe du #NewDealTechnologique.<\/p>\n<p>Aux c\u00f4t\u00e9s de SENUM SA, du Fonds de D\u00e9veloppement du Service Universel des T\u00e9l\u00e9communications (FDSUT) et de TDS-SA, le minist\u00e8re a pr\u00e9sent\u00e9 un ensemble de solutions innovantes et de projets structurants illustrant la vision d\u2019un S\u00e9n\u00e9gal connect\u00e9, inclusif et souverain sur le plan num\u00e9rique.<\/p>\n<p>La premi\u00e8re journ\u00e9e a \u00e9t\u00e9 marqu\u00e9e par une forte affluence sur le stand du minist\u00e8re, des \u00e9changes de haut niveau et un int\u00e9r\u00eat manifeste des investisseurs et partenaires pour les chantiers majeurs port\u00e9s par le New Deal Technologique.<\/p>\n<p>\u00c0 travers cette participation, le MCTN r\u00e9affirme son engagement \u00e0 construire le futur num\u00e9rique du S\u00e9n\u00e9gal, en faisant du num\u00e9rique un levier strat\u00e9gique de croissance, d\u2019innovation et de souverainet\u00e9 nationale.<\/p>\n\t\t\t\t\t\t\t\t<\/div>\n\t\t\t\t\t<\/div>\n\t\t\t\t<\/div>\n\t\t\t\t<\/div>","protected":false},"excerpt":{"rendered":"<p>Le Minist\u00e8re de la Communication, des T\u00e9l\u00e9communications et du Num\u00e9rique (MCTN) a donn\u00e9 le ton lors du Forum de l\u2019Investissement au S\u00e9n\u00e9gal (FII 2025), en ouvrant la premi\u00e8re journ\u00e9e plac\u00e9e sous le signe du #NewDealTechnologique. Aux c\u00f4t\u00e9s de SENUM SA, du Fonds de D\u00e9veloppement du Service Universel des T\u00e9l\u00e9communications (FDSUT) et de TDS-SA, le minist\u00e8re [&hellip;]<\/p>","protected":false},"author":1,"featured_media":1887,"comment_status":"open","ping_status":"open","sticky":false,"template":"","format":"standard","meta":{"footnotes":""},"categories":[5],"tags":[],"class_list":["post-724","post","type-post","status-publish","format-standard","has-post-thumbnail","hentry","category-evenement"],"blocksy_meta":[],"_links":{"self":[{"href":"https:\/\/portail.staging.ssc.baamtuservices.com\/en\/wp-json\/wp\/v2\/posts\/724","targetHints":{"allow":["GET"]}}],"collection":[{"href":"https:\/\/portail.staging.ssc.baamtuservices.com\/en\/wp-json\/wp\/v2\/posts"}],"about":[{"href":"https:\/\/portail.staging.ssc.baamtuservices.com\/en\/wp-json\/wp\/v2\/types\/post"}],"author":[{"embeddable":true,"href":"https:\/\/portail.staging.ssc.baamtuservices.com\/en\/wp-json\/wp\/v2\/users\/1"}],"replies":[{"embeddable":true,"href":"https:\/\/portail.staging.ssc.baamtuservices.com\/en\/wp-json\/wp\/v2\/comments?post=724"}],"version-history":[{"count":7,"href":"https:\/\/portail.staging.ssc.baamtuservices.com\/en\/wp-json\/wp\/v2\/posts\/724\/revisions"}],"predecessor-version":[{"id":1886,"href":"https:\/\/portail.staging.ssc.baamtuservices.com\/en\/wp-json\/wp\/v2\/posts\/724\/revisions\/1886"}],"wp:featuredmedia":[{"embeddable":true,"href":"https:\/\/portail.staging.ssc.baamtuservices.com\/en\/wp-json\/wp\/v2\/media\/1887"}],"wp:attachment":[{"href":"https:\/\/portail.staging.ssc.baamtuservices.com\/en\/wp-json\/wp\/v2\/media?parent=724"}],"wp:term":[{"taxonomy":"category","embeddable":true,"href":"https:\/\/portail.staging.ssc.baamtuservices.com\/en\/wp-json\/wp\/v2\/categories?post=724"},{"taxonomy":"post_tag","embeddable":true,"href":"https:\/\/portail.staging.ssc.baamtuservices.com\/en\/wp-json\/wp\/v2\/tags?post=724"}],"curies":[{"name":"wp","href":"https:\/\/api.w.org\/{rel}","templated":true}]}}