{"id":1164,"date":"2025-11-12T10:27:14","date_gmt":"2025-11-12T10:27:14","guid":{"rendered":"https:\/\/scs.webikoo.pro\/?p=1164"},"modified":"2025-11-13T18:20:03","modified_gmt":"2025-11-13T18:20:03","slug":"le-govathon-2025-linnovation-citoyenne-au-coeur-du-new-deal-technologique","status":"publish","type":"post","link":"https:\/\/portail.staging.ssc.baamtuservices.com\/en\/le-govathon-2025-linnovation-citoyenne-au-coeur-du-new-deal-technologique\/","title":{"rendered":"Le Gov\u2019athon 2025 : l\u2019innovation citoyenne au c\u0153ur du New Deal Technologique"},"content":{"rendered":"<div data-elementor-type=\"wp-post\" data-elementor-id=\"1164\" class=\"elementor elementor-1164\">\n\t\t\t\t<div class=\"elementor-element elementor-element-645345ef e-flex e-con-boxed e-con e-parent\" data-id=\"645345ef\" data-element_type=\"container\">\n\t\t\t\t\t<div class=\"e-con-inner\">\n\t\t\t\t<div class=\"elementor-element elementor-element-1f473ba2 elementor-widget elementor-widget-text-editor\" data-id=\"1f473ba2\" data-element_type=\"widget\" data-widget_type=\"text-editor.default\">\n\t\t\t\t\t\t\t\t\t<p>Le ton de l\u2019innovation et de la transformation num\u00e9rique est donn\u00e9 ! Ce vendredi 24 octobre 2025, la capitale s\u00e9n\u00e9galaise a vibr\u00e9 au rythme du Gov\u2019athon 2025, un rendez-vous majeur de l\u2019innovation publique, plac\u00e9 sous la co-pr\u00e9sidence du Ministre de la Communication, des T\u00e9l\u00e9communications et du Num\u00e9rique, M. Alioune SALL, et du Ministre de la Fonction publique, du Travail et de la R\u00e9forme du service public, M. Olivier Boucal.<\/p><p>La c\u00e9r\u00e9monie, organis\u00e9e \u00e0 Dakar, a \u00e9galement r\u00e9uni des figures de premier plan du gouvernement, notamment Mme Khady Diene Gaye, Ministre de la Jeunesse et des Sports, et M. Samba Diouf, Ministre Conseiller aupr\u00e8s du Pr\u00e9sident de la R\u00e9publique, charg\u00e9 du Num\u00e9rique.<\/p><p><!-- \/wp:paragraph --><\/p>\t\t\t\t\t\t\t\t<\/div>\n\t\t\t\t\t<\/div>\n\t\t\t\t<\/div>\n\t\t<div class=\"elementor-element elementor-element-974cba3 e-flex e-con-boxed e-con e-parent\" data-id=\"974cba3\" data-element_type=\"container\">\n\t\t\t\t\t<div class=\"e-con-inner\">\n\t\t\t\t<div class=\"elementor-element elementor-element-c989560 elementor-widget elementor-widget-heading\" data-id=\"c989560\" data-element_type=\"widget\" data-widget_type=\"heading.default\">\n\t\t\t\t\t<h2 class=\"elementor-heading-title elementor-size-default\">Un signal fort pour le New Deal Technologique<\/h2>\t\t\t\t<\/div>\n\t\t\t\t<div class=\"elementor-element elementor-element-338a37e elementor-widget elementor-widget-text-editor\" data-id=\"338a37e\" data-element_type=\"widget\" data-widget_type=\"text-editor.default\">\n\t\t\t\t\t\t\t\t\tDans son allocution, le Ministre Alioune SALL a r\u00e9affirm\u00e9 la volont\u00e9 du Gouvernement de faire du num\u00e9rique un pilier central de la modernisation du service public, dans le cadre du New Deal Technologique. Cette vision ambitieuse place la jeunesse, la cr\u00e9ativit\u00e9 et l\u2019innovation citoyenne au c\u0153ur de l\u2019action publique, avec pour objectif de rapprocher l\u2019administration des citoyens \u00e0 travers des solutions num\u00e9riques concr\u00e8tes et durables.\t\t\t\t\t\t\t\t<\/div>\n\t\t\t\t<div class=\"elementor-element elementor-element-b870bfa elementor-widget elementor-widget-spacer\" data-id=\"b870bfa\" data-element_type=\"widget\" data-widget_type=\"spacer.default\">\n\t\t\t\t\t\t\t<div class=\"elementor-spacer\">\n\t\t\t<div class=\"elementor-spacer-inner\"><\/div>\n\t\t<\/div>\n\t\t\t\t\t\t<\/div>\n\t\t\t\t\t<\/div>\n\t\t\t\t<\/div>\n\t\t<div class=\"elementor-element elementor-element-aa51d5d e-flex e-con-boxed e-con e-parent\" data-id=\"aa51d5d\" data-element_type=\"container\">\n\t\t\t\t\t<div class=\"e-con-inner\">\n\t\t\t\t<div class=\"elementor-element elementor-element-a48ffde elementor-widget elementor-widget-heading\" data-id=\"a48ffde\" data-element_type=\"widget\" data-widget_type=\"heading.default\">\n\t\t\t\t\t<h2 class=\"elementor-heading-title elementor-size-default\">Une \u00e9dition record et inclusive<\/h2>\t\t\t\t<\/div>\n\t\t\t\t<div class=\"elementor-element elementor-element-338a447 elementor-widget elementor-widget-text-editor\" data-id=\"338a447\" data-element_type=\"widget\" data-widget_type=\"text-editor.default\">\n\t\t\t\t\t\t\t\t\t<p>L\u2019\u00e9dition 2025 du Gov\u2019athon a enregistr\u00e9 une participation exceptionnelle, t\u00e9moignant de l\u2019engouement croissant des jeunes S\u00e9n\u00e9galais pour l\u2019innovation num\u00e9rique. Au total, 812 projets ont \u00e9t\u00e9 soumis, parmi lesquels 104 ont \u00e9t\u00e9 retenus pour la phase finale :<\/p><ul><li>\u2705 72 projets dans la cat\u00e9gorie \u00c9tudiants<\/li><li>\u2705 11 projets dans la cat\u00e9gorie Startups<\/li><li>\u2705 21 projets dans la cat\u00e9gorie Citoyens<\/li><\/ul><p>Ces chiffres traduisent la diversit\u00e9 et la richesse des id\u00e9es port\u00e9es par les jeunes, les entrepreneurs et les citoyens engag\u00e9s dans la transformation du pays.<\/p>\t\t\t\t\t\t\t\t<\/div>\n\t\t\t\t<div class=\"elementor-element elementor-element-5981fd9 elementor-widget elementor-widget-spacer\" data-id=\"5981fd9\" data-element_type=\"widget\" data-widget_type=\"spacer.default\">\n\t\t\t\t\t\t\t<div class=\"elementor-spacer\">\n\t\t\t<div class=\"elementor-spacer-inner\"><\/div>\n\t\t<\/div>\n\t\t\t\t\t\t<\/div>\n\t\t\t\t\t<\/div>\n\t\t\t\t<\/div>\n\t\t<div class=\"elementor-element elementor-element-9f3cef9 e-flex e-con-boxed e-con e-parent\" data-id=\"9f3cef9\" data-element_type=\"container\">\n\t\t\t\t\t<div class=\"e-con-inner\">\n\t\t\t\t<div class=\"elementor-element elementor-element-2d44af7 elementor-widget elementor-widget-heading\" data-id=\"2d44af7\" data-element_type=\"widget\" data-widget_type=\"heading.default\">\n\t\t\t\t\t<h2 class=\"elementor-heading-title elementor-size-default\">Un espace d\u2019innovation publique et citoyenne<\/h2>\t\t\t\t<\/div>\n\t\t\t\t<div class=\"elementor-element elementor-element-be7c8a1 elementor-widget elementor-widget-text-editor\" data-id=\"be7c8a1\" data-element_type=\"widget\" data-widget_type=\"text-editor.default\">\n\t\t\t\t\t\t\t\t\t<p>Au-del\u00e0 de la comp\u00e9tition, le Gov\u2019athon se veut un laboratoire de co-cr\u00e9ation, un espace d\u2019\u00e9change et de collaboration entre les acteurs publics, les startups, les \u00e9tudiants et la soci\u00e9t\u00e9 civile. Il illustre parfaitement la dynamique du New Deal Technologique, qui fait du num\u00e9rique un levier d\u2019inclusion, de transparence et de performance au service de tous.<\/p><p>En encourageant la conception de solutions innovantes adapt\u00e9es aux besoins des citoyens, le Minist\u00e8re de la Communication, des T\u00e9l\u00e9communications et du Num\u00e9rique r\u00e9affirme son engagement \u00e0 b\u00e2tir un \u00c9tat plus agile, plus connect\u00e9 et plus proche des S\u00e9n\u00e9galais.<\/p>\t\t\t\t\t\t\t\t<\/div>\n\t\t\t\t<div class=\"elementor-element elementor-element-9e70f81 elementor-widget elementor-widget-spacer\" data-id=\"9e70f81\" data-element_type=\"widget\" data-widget_type=\"spacer.default\">\n\t\t\t\t\t\t\t<div class=\"elementor-spacer\">\n\t\t\t<div class=\"elementor-spacer-inner\"><\/div>\n\t\t<\/div>\n\t\t\t\t\t\t<\/div>\n\t\t\t\t\t<\/div>\n\t\t\t\t<\/div>\n\t\t<div class=\"elementor-element elementor-element-7c2b061 e-flex e-con-boxed e-con e-parent\" data-id=\"7c2b061\" data-element_type=\"container\">\n\t\t\t\t\t<div class=\"e-con-inner\">\n\t\t\t\t<div class=\"elementor-element elementor-element-00ac324 gallery-spacing-custom elementor-widget elementor-widget-image-gallery\" data-id=\"00ac324\" data-element_type=\"widget\" data-widget_type=\"image-gallery.default\">\n\t\t\t\t\t\t\t<div class=\"elementor-image-gallery\">\n\t\t\t\n<a data-elementor-open-lightbox=\"yes\" data-elementor-lightbox-slideshow=\"00ac324\" data-elementor-lightbox-title=\"Image_1\" data-e-action-hash=\"#elementor-action%3Aaction%3Dlightbox%26settings%3DeyJpZCI6MTg5MCwidXJsIjoiaHR0cHM6XC9cL3BvcnRhaWwuc3RhZ2luZy5zc2MuYmFhbXR1c2VydmljZXMuY29tXC93cC1jb250ZW50XC91cGxvYWRzXC8yMDI1XC8xMVwvSW1hZ2VfMS0xLmpwZyIsInNsaWRlc2hvdyI6IjAwYWMzMjQifQ%3D%3D\" href='https:\/\/portail.staging.ssc.baamtuservices.com\/wp-content\/uploads\/2025\/11\/Image_1-1.jpg'><img fetchpriority=\"high\" decoding=\"async\" width=\"1440\" height=\"960\" src=\"https:\/\/portail.staging.ssc.baamtuservices.com\/wp-content\/uploads\/2025\/11\/Image_1-1.jpg\" class=\"attachment-full size-full\" alt=\"\" srcset=\"https:\/\/portail.staging.ssc.baamtuservices.com\/wp-content\/uploads\/2025\/11\/Image_1-1.jpg 1440w, https:\/\/portail.staging.ssc.baamtuservices.com\/wp-content\/uploads\/2025\/11\/Image_1-1-300x200.jpg 300w, https:\/\/portail.staging.ssc.baamtuservices.com\/wp-content\/uploads\/2025\/11\/Image_1-1-1024x683.jpg 1024w, https:\/\/portail.staging.ssc.baamtuservices.com\/wp-content\/uploads\/2025\/11\/Image_1-1-768x512.jpg 768w, https:\/\/portail.staging.ssc.baamtuservices.com\/wp-content\/uploads\/2025\/11\/Image_1-1-18x12.jpg 18w\" sizes=\"(max-width: 1440px) 100vw, 1440px\" \/><\/a>\n<a data-elementor-open-lightbox=\"yes\" data-elementor-lightbox-slideshow=\"00ac324\" data-elementor-lightbox-title=\"Image_2\" data-e-action-hash=\"#elementor-action%3Aaction%3Dlightbox%26settings%3DeyJpZCI6MTg5MSwidXJsIjoiaHR0cHM6XC9cL3BvcnRhaWwuc3RhZ2luZy5zc2MuYmFhbXR1c2VydmljZXMuY29tXC93cC1jb250ZW50XC91cGxvYWRzXC8yMDI1XC8xMVwvSW1hZ2VfMi0xLmpwZyIsInNsaWRlc2hvdyI6IjAwYWMzMjQifQ%3D%3D\" href='https:\/\/portail.staging.ssc.baamtuservices.com\/wp-content\/uploads\/2025\/11\/Image_2-1.jpg'><img decoding=\"async\" width=\"1040\" height=\"694\" src=\"https:\/\/portail.staging.ssc.baamtuservices.com\/wp-content\/uploads\/2025\/11\/Image_2-1.jpg\" class=\"attachment-full size-full\" alt=\"\" srcset=\"https:\/\/portail.staging.ssc.baamtuservices.com\/wp-content\/uploads\/2025\/11\/Image_2-1.jpg 1040w, https:\/\/portail.staging.ssc.baamtuservices.com\/wp-content\/uploads\/2025\/11\/Image_2-1-300x200.jpg 300w, https:\/\/portail.staging.ssc.baamtuservices.com\/wp-content\/uploads\/2025\/11\/Image_2-1-1024x683.jpg 1024w, https:\/\/portail.staging.ssc.baamtuservices.com\/wp-content\/uploads\/2025\/11\/Image_2-1-768x512.jpg 768w, https:\/\/portail.staging.ssc.baamtuservices.com\/wp-content\/uploads\/2025\/11\/Image_2-1-18x12.jpg 18w\" sizes=\"(max-width: 1040px) 100vw, 1040px\" \/><\/a>\n<a data-elementor-open-lightbox=\"yes\" data-elementor-lightbox-slideshow=\"00ac324\" data-elementor-lightbox-title=\"Image_3\" data-e-action-hash=\"#elementor-action%3Aaction%3Dlightbox%26settings%3DeyJpZCI6MTg5MiwidXJsIjoiaHR0cHM6XC9cL3BvcnRhaWwuc3RhZ2luZy5zc2MuYmFhbXR1c2VydmljZXMuY29tXC93cC1jb250ZW50XC91cGxvYWRzXC8yMDI1XC8xMVwvSW1hZ2VfMy0xLmpwZyIsInNsaWRlc2hvdyI6IjAwYWMzMjQifQ%3D%3D\" href='https:\/\/portail.staging.ssc.baamtuservices.com\/wp-content\/uploads\/2025\/11\/Image_3-1.jpg'><img decoding=\"async\" width=\"1040\" height=\"694\" src=\"https:\/\/portail.staging.ssc.baamtuservices.com\/wp-content\/uploads\/2025\/11\/Image_3-1.jpg\" class=\"attachment-full size-full\" alt=\"\" srcset=\"https:\/\/portail.staging.ssc.baamtuservices.com\/wp-content\/uploads\/2025\/11\/Image_3-1.jpg 1040w, https:\/\/portail.staging.ssc.baamtuservices.com\/wp-content\/uploads\/2025\/11\/Image_3-1-300x200.jpg 300w, https:\/\/portail.staging.ssc.baamtuservices.com\/wp-content\/uploads\/2025\/11\/Image_3-1-1024x683.jpg 1024w, https:\/\/portail.staging.ssc.baamtuservices.com\/wp-content\/uploads\/2025\/11\/Image_3-1-768x512.jpg 768w, https:\/\/portail.staging.ssc.baamtuservices.com\/wp-content\/uploads\/2025\/11\/Image_3-1-18x12.jpg 18w\" sizes=\"(max-width: 1040px) 100vw, 1040px\" \/><\/a>\n\t\t<\/div>\n\t\t\t\t\t\t<\/div>\n\t\t\t\t\t<\/div>\n\t\t\t\t<\/div>\n\t\t\t\t<\/div>","protected":false},"excerpt":{"rendered":"<p>Le ton de l\u2019innovation et de la transformation num\u00e9rique est donn\u00e9 ! Ce vendredi 24 octobre 2025, la capitale s\u00e9n\u00e9galaise a vibr\u00e9 au rythme du Gov\u2019athon 2025, un rendez-vous majeur de l\u2019innovation publique, plac\u00e9 sous la co-pr\u00e9sidence du Ministre de la Communication, des T\u00e9l\u00e9communications et du Num\u00e9rique, M. Alioune SALL, et du Ministre de la [&hellip;]<\/p>","protected":false},"author":1,"featured_media":1891,"comment_status":"open","ping_status":"open","sticky":false,"template":"","format":"standard","meta":{"footnotes":""},"categories":[6],"tags":[],"class_list":["post-1164","post","type-post","status-publish","format-standard","has-post-thumbnail","hentry","category-innovation"],"blocksy_meta":[],"_links":{"self":[{"href":"https:\/\/portail.staging.ssc.baamtuservices.com\/en\/wp-json\/wp\/v2\/posts\/1164","targetHints":{"allow":["GET"]}}],"collection":[{"href":"https:\/\/portail.staging.ssc.baamtuservices.com\/en\/wp-json\/wp\/v2\/posts"}],"about":[{"href":"https:\/\/portail.staging.ssc.baamtuservices.com\/en\/wp-json\/wp\/v2\/types\/post"}],"author":[{"embeddable":true,"href":"https:\/\/portail.staging.ssc.baamtuservices.com\/en\/wp-json\/wp\/v2\/users\/1"}],"replies":[{"embeddable":true,"href":"https:\/\/portail.staging.ssc.baamtuservices.com\/en\/wp-json\/wp\/v2\/comments?post=1164"}],"version-history":[{"count":5,"href":"https:\/\/portail.staging.ssc.baamtuservices.com\/en\/wp-json\/wp\/v2\/posts\/1164\/revisions"}],"predecessor-version":[{"id":1896,"href":"https:\/\/portail.staging.ssc.baamtuservices.com\/en\/wp-json\/wp\/v2\/posts\/1164\/revisions\/1896"}],"wp:featuredmedia":[{"embeddable":true,"href":"https:\/\/portail.staging.ssc.baamtuservices.com\/en\/wp-json\/wp\/v2\/media\/1891"}],"wp:attachment":[{"href":"https:\/\/portail.staging.ssc.baamtuservices.com\/en\/wp-json\/wp\/v2\/media?parent=1164"}],"wp:term":[{"taxonomy":"category","embeddable":true,"href":"https:\/\/portail.staging.ssc.baamtuservices.com\/en\/wp-json\/wp\/v2\/categories?post=1164"},{"taxonomy":"post_tag","embeddable":true,"href":"https:\/\/portail.staging.ssc.baamtuservices.com\/en\/wp-json\/wp\/v2\/tags?post=1164"}],"curies":[{"name":"wp","href":"https:\/\/api.w.org\/{rel}","templated":true}]}}